{"id":1,"date":"2022-07-07T14:14:00","date_gmt":"2022-07-07T14:14:00","guid":{"rendered":"http:\/\/vinamo.de\/?p=1"},"modified":"2023-05-24T13:14:07","modified_gmt":"2023-05-24T13:14:07","slug":"ferienwohung-martinique","status":"publish","type":"post","link":"https:\/\/vinamo.de\/fr\/uncategorized\/ferienwohung-martinique\/","title":{"rendered":"T3 Appartement Le Marin Martinique"},"content":{"rendered":"<p class=\"has-light-gray-color has-text-color has-background\" style=\"background-color:#7de4f4\">Tout le monde se sentira \u00e0 l'aise dans ce logement spacieux et particulier. Vous avez une vue sur la mer depuis le balcon et la chambre \u00e0 coucher. La plage de l'\u00eele de Saline n'est qu'\u00e0 10 minutes en voiture. Toutes les possibilit\u00e9s d'achat pour les besoins quotidiens sont sur place. Place de parking \u00e0 proximit\u00e9 imm\u00e9diate de la maison + parking visiteurs pour la r\u00e9sidence. Interlocuteur franco-allemand. Climatisation dans les chambres \u00e0 coucher. Toilettes s\u00e9par\u00e9es, machine \u00e0 laver, salle de bain avec baignoire et douche \u00e0 effet pluie, Smart TV, WLAN, CABLE et bien plus encore inclus. S\u00e9jour minimum de 5 jours.  Possibilit\u00e9 de location \u00e0 long terme. Sur demande, possibilit\u00e9 de r\u00e9server des visites individuelles de l'\u00eele en fran\u00e7ais et en allemand. <\/p>\n\n\n\n<p class=\"has-light-gray-color has-text-color has-background\" style=\"background-color:#7de4f4\">Chacun se sentira chez lui dans ce logement spacieux et sp\u00e9cial. Vous avez vue sur la mer depuis le balcon et la chambre. Il n'est qu'\u00e0 10 minutes en voiture de la plage sup\u00e9rieure de l'\u00eele de Saline. Tous les commerces pour les besoins quotidiens sont sur place. Place de parking \u00e0 proximit\u00e9 imm\u00e9diate de la maison + parking visiteur pour la r\u00e9sidence. Interlocuteur franco-allemand Climatisation dans les chambres. Toilettes s\u00e9par\u00e9es, machine \u00e0 laver, baignoire avec douche \u00e0 effet pluie, Smart TV, WLAN, CABLE et bien plus encore. S\u00e9jour minimum 5 jours. Possibilite de location longue duree. Sur demande, des visites individuelles de l'\u00eele peuvent \u00e9galement \u00eatre r\u00e9serv\u00e9es en allemand et en fran\u00e7ais.<\/p>\n\n\n\n<p class=\"has-light-gray-color has-text-color has-background\" style=\"background-color:#7edff7\">Chambres \u00e0 coucher \/ Chambre : 2 , Places de couchage 4 \/ lieux de couchage : 4  <\/p>\n\n\n\n<p class=\"has-light-gray-color has-text-color has-background\" style=\"background-color:#7edff7\">Cuisine \u00e9quip\u00e9e avec bar \/ Cuisine equip\u00e8e avec bar<\/p>\n\n\n\n<p class=\"has-light-gray-color has-text-color has-background\" style=\"background-color:#68e4f7\">Badezimmer\/ salle de bains : 1 , separate Toilettes\/ Toilettes separe\u00e8s<\/p>\n\n\n\n<p class=\"has-light-gray-color has-text-color has-background\" style=\"background-color:#69e7f5\">Location priv\u00e9e \/ Location privee<\/p>\n\n\n\n<p class=\"has-text-align-center has-light-gray-background-color has-text-color has-background\" style=\"color:#7eebfc\"><strong>Contact : vinamo@web.de<\/strong>  , <strong>+4915752000966<\/strong><a href=\"https:\/\/www.ferienunterkunft-direkt.de\/belegungsplan.php?anr=fw75546\">Plan d'occupation<\/a><\/p>\n\n\n\n<div class=\"wp-block-buttons is-layout-flex wp-block-buttons-is-layout-flex\">\n<div class=\"wp-block-button is-style-outline is-style-outline--1\"><a class=\"wp-block-button__link wp-element-button\"><strong><mark style=\"background-color:rgba(0, 0, 0, 0)\" class=\"has-inline-color has-accent-color\">https:\/\/www.booking.com\/hotel\/mq\/schone-dachgeschosswohnung-mit-meerblick-in-marin.html?lang=xu<\/mark><\/strong><\/a><\/div>\n<\/div>","protected":false},"excerpt":{"rendered":"<p>In dieser ger\u00e4umigen und besonderen Unterkunft wird sich jeder wohl f\u00fchlen. Sie haben [&hellip;]<\/p>\n","protected":false},"author":1,"featured_media":0,"comment_status":"closed","ping_status":"closed","sticky":true,"template":"","format":"standard","meta":{"footnotes":""},"categories":[1],"tags":[],"class_list":["post-1","post","type-post","status-publish","format-standard","hentry","category-uncategorized"],"_links":{"self":[{"href":"https:\/\/vinamo.de\/fr\/wp-json\/wp\/v2\/posts\/1","targetHints":{"allow":["GET"]}}],"collection":[{"href":"https:\/\/vinamo.de\/fr\/wp-json\/wp\/v2\/posts"}],"about":[{"href":"https:\/\/vinamo.de\/fr\/wp-json\/wp\/v2\/types\/post"}],"author":[{"embeddable":true,"href":"https:\/\/vinamo.de\/fr\/wp-json\/wp\/v2\/users\/1"}],"replies":[{"embeddable":true,"href":"https:\/\/vinamo.de\/fr\/wp-json\/wp\/v2\/comments?post=1"}],"version-history":[{"count":17,"href":"https:\/\/vinamo.de\/fr\/wp-json\/wp\/v2\/posts\/1\/revisions"}],"predecessor-version":[{"id":146,"href":"https:\/\/vinamo.de\/fr\/wp-json\/wp\/v2\/posts\/1\/revisions\/146"}],"wp:attachment":[{"href":"https:\/\/vinamo.de\/fr\/wp-json\/wp\/v2\/media?parent=1"}],"wp:term":[{"taxonomy":"category","embeddable":true,"href":"https:\/\/vinamo.de\/fr\/wp-json\/wp\/v2\/categories?post=1"},{"taxonomy":"post_tag","embeddable":true,"href":"https:\/\/vinamo.de\/fr\/wp-json\/wp\/v2\/tags?post=1"}],"curies":[{"name":"wp","href":"https:\/\/api.w.org\/{rel}","templated":true}]}}